{"id":3316,"date":"2023-02-15T10:39:14","date_gmt":"2023-02-15T09:39:14","guid":{"rendered":"https:\/\/viadenuncia.net\/?p=3316"},"modified":"2023-05-22T10:48:48","modified_gmt":"2023-05-22T08:48:48","slug":"aprobada-la-trasposicion-de-la-directiva-2019-1937","status":"publish","type":"post","link":"https:\/\/viadenuncia.net\/es\/aprobada-la-trasposicion-de-la-directiva-2019-1937\/","title":{"rendered":"Aprobada la trasposici\u00f3n de la Directiva 2019\/1937"},"content":{"rendered":"\t\t<div data-elementor-type=\"wp-post\" data-elementor-id=\"3316\" class=\"elementor elementor-3316\" data-elementor-post-type=\"post\">\n\t\t\t\t\t\t<section class=\"elementor-section elementor-top-section elementor-element elementor-element-58a6a190 elementor-section-full_width elementor-section-height-default elementor-section-height-default\" data-id=\"58a6a190\" data-element_type=\"section\" data-e-type=\"section\">\n\t\t\t\t\t\t\t<div class=\"elementor-background-overlay\"><\/div>\n\t\t\t\t\t\t\t<div class=\"elementor-container elementor-column-gap-default\">\n\t\t\t\t\t<div class=\"elementor-column elementor-col-100 elementor-top-column elementor-element elementor-element-68781a57\" data-id=\"68781a57\" data-element_type=\"column\" data-e-type=\"column\">\n\t\t\t<div class=\"elementor-widget-wrap elementor-element-populated\">\n\t\t\t\t\t\t<div class=\"elementor-element elementor-element-3d4c8738 elementor-widget elementor-widget-heading\" data-id=\"3d4c8738\" data-element_type=\"widget\" data-e-type=\"widget\" data-widget_type=\"heading.default\">\n\t\t\t\t<div class=\"elementor-widget-container\">\n\t\t\t\t\t<h2 class=\"elementor-heading-title elementor-size-default\">Article<\/h2>\t\t\t\t<\/div>\n\t\t\t\t<\/div>\n\t\t\t\t\t<\/div>\n\t\t<\/div>\n\t\t\t\t\t<\/div>\n\t\t<\/section>\n\t\t\t\t<section class=\"elementor-section elementor-top-section elementor-element elementor-element-1e118245 elementor-section-boxed elementor-section-height-default elementor-section-height-default\" data-id=\"1e118245\" data-element_type=\"section\" data-e-type=\"section\">\n\t\t\t\t\t\t\t<div class=\"elementor-background-overlay\"><\/div>\n\t\t\t\t\t\t\t<div class=\"elementor-container elementor-column-gap-default\">\n\t\t\t\t\t<div class=\"elementor-column elementor-col-100 elementor-top-column elementor-element elementor-element-2f472421\" data-id=\"2f472421\" data-element_type=\"column\" data-e-type=\"column\">\n\t\t\t<div class=\"elementor-widget-wrap elementor-element-populated\">\n\t\t\t\t\t\t<div class=\"elementor-element elementor-element-58e86449 elementor-widget elementor-widget-heading\" data-id=\"58e86449\" data-element_type=\"widget\" data-e-type=\"widget\" data-widget_type=\"heading.default\">\n\t\t\t\t<div class=\"elementor-widget-container\">\n\t\t\t\t\t<h4 class=\"elementor-heading-title elementor-size-default\">viadenuncia<\/h4>\t\t\t\t<\/div>\n\t\t\t\t<\/div>\n\t\t\t\t<div class=\"elementor-element elementor-element-73849edf elementor-widget elementor-widget-theme-post-title elementor-page-title elementor-widget-heading\" data-id=\"73849edf\" data-element_type=\"widget\" data-e-type=\"widget\" data-widget_type=\"theme-post-title.default\">\n\t\t\t\t<div class=\"elementor-widget-container\">\n\t\t\t\t\t<h1 class=\"elementor-heading-title elementor-size-default\">Aprobada la trasposici\u00f3n de la Directiva 2019\/1937<\/h1>\t\t\t\t<\/div>\n\t\t\t\t<\/div>\n\t\t\t\t\t<\/div>\n\t\t<\/div>\n\t\t\t\t\t<\/div>\n\t\t<\/section>\n\t\t\t\t<section class=\"elementor-section elementor-top-section elementor-element elementor-element-1baa3dd0 elementor-section-boxed elementor-section-height-default elementor-section-height-default\" data-id=\"1baa3dd0\" data-element_type=\"section\" data-e-type=\"section\">\n\t\t\t\t\t\t\t<div class=\"elementor-background-overlay\"><\/div>\n\t\t\t\t\t\t\t<div class=\"elementor-container elementor-column-gap-default\">\n\t\t\t\t\t<div class=\"elementor-column elementor-col-50 elementor-top-column elementor-element elementor-element-2b111b2d\" data-id=\"2b111b2d\" data-element_type=\"column\" data-e-type=\"column\">\n\t\t\t<div class=\"elementor-widget-wrap elementor-element-populated\">\n\t\t\t\t\t\t<div class=\"elementor-element elementor-element-32f3fb86 elementor-widget elementor-widget-theme-post-featured-image elementor-widget-image\" data-id=\"32f3fb86\" data-element_type=\"widget\" data-e-type=\"widget\" id=\"judilex compliance\" data-widget_type=\"theme-post-featured-image.default\">\n\t\t\t\t<div class=\"elementor-widget-container\">\n\t\t\t\t\t\t\t\t\t\t\t\t\t\t\t<img fetchpriority=\"high\" decoding=\"async\" width=\"300\" height=\"300\" src=\"https:\/\/viadenuncia.net\/wp-content\/uploads\/sites\/3\/2022\/04\/istockphoto-524903558-612x612-1-300x300.png\" class=\"attachment-medium size-medium wp-image-2436\" alt=\"\" srcset=\"https:\/\/viadenuncia.net\/wp-content\/uploads\/sites\/3\/2022\/04\/istockphoto-524903558-612x612-1-300x300.png 300w, https:\/\/viadenuncia.net\/wp-content\/uploads\/sites\/3\/2022\/04\/istockphoto-524903558-612x612-1-150x150.png 150w, https:\/\/viadenuncia.net\/wp-content\/uploads\/sites\/3\/2022\/04\/istockphoto-524903558-612x612-1.png 612w\" sizes=\"(max-width: 300px) 100vw, 300px\" \/>\t\t\t\t\t\t\t\t\t\t\t\t\t\t\t<\/div>\n\t\t\t\t<\/div>\n\t\t\t\t\t<\/div>\n\t\t<\/div>\n\t\t\t\t<div class=\"elementor-column elementor-col-50 elementor-top-column elementor-element elementor-element-a6b0a4f\" data-id=\"a6b0a4f\" data-element_type=\"column\" data-e-type=\"column\">\n\t\t\t<div class=\"elementor-widget-wrap elementor-element-populated\">\n\t\t\t\t\t\t<div class=\"elementor-element elementor-element-eae4d65 elementor-widget elementor-widget-post-info\" data-id=\"eae4d65\" data-element_type=\"widget\" data-e-type=\"widget\" data-widget_type=\"post-info.default\">\n\t\t\t\t<div class=\"elementor-widget-container\">\n\t\t\t\t\t\t\t<ul class=\"elementor-inline-items elementor-icon-list-items elementor-post-info\">\n\t\t\t\t\t\t\t\t<li class=\"elementor-icon-list-item elementor-repeater-item-158a7de elementor-inline-item\" itemprop=\"datePublished\">\n\t\t\t\t\t\t<a href=\"https:\/\/viadenuncia.net\/es\/2023\/02\/15\/\">\n\t\t\t\t\t\t\t\t\t\t\t<span class=\"elementor-icon-list-icon\">\n\t\t\t\t\t\t\t\t<i aria-hidden=\"true\" class=\"fas fa-calendar\"><\/i>\t\t\t\t\t\t\t<\/span>\n\t\t\t\t\t\t\t\t\t<span class=\"elementor-icon-list-text elementor-post-info__item elementor-post-info__item--type-date\">\n\t\t\t\t\t\t\t\t\t\t<time>febrero 15, 2023<\/time>\t\t\t\t\t<\/span>\n\t\t\t\t\t\t\t\t\t<\/a>\n\t\t\t\t<\/li>\n\t\t\t\t<li class=\"elementor-icon-list-item elementor-repeater-item-5e9fe20 elementor-inline-item\" itemprop=\"about\">\n\t\t\t\t\t\t\t\t\t\t<span class=\"elementor-icon-list-icon\">\n\t\t\t\t\t\t\t\t<i aria-hidden=\"true\" class=\"fas fa-tags\"><\/i>\t\t\t\t\t\t\t<\/span>\n\t\t\t\t\t\t\t\t\t<span class=\"elementor-icon-list-text elementor-post-info__item elementor-post-info__item--type-terms\">\n\t\t\t\t\t\t\t\t\t\t<span class=\"elementor-post-info__terms-list\">\n\t\t\t\t<a href=\"https:\/\/viadenuncia.net\/es\/category\/fondos-europeos\/\" class=\"elementor-post-info__terms-list-item\">Fondos P\u00fablicos<\/a>\t\t\t\t<\/span>\n\t\t\t\t\t<\/span>\n\t\t\t\t\t\t\t\t<\/li>\n\t\t\t\t<\/ul>\n\t\t\t\t\t\t<\/div>\n\t\t\t\t<\/div>\n\t\t\t\t<div class=\"elementor-element elementor-element-e3d950f elementor-widget elementor-widget-text-editor\" data-id=\"e3d950f\" data-element_type=\"widget\" data-e-type=\"widget\" data-widget_type=\"text-editor.default\">\n\t\t\t\t<div class=\"elementor-widget-container\">\n\t\t\t\t\t\t\t\t\t<p><span>Despr\u00e9s d&#8217;una llarga espera, multes i sancions per part de la UE, Espanya per fi, transposa la Directiva 2019\/1937.<\/span> <\/p>\t\t\t\t\t\t\t\t<\/div>\n\t\t\t\t<\/div>\n\t\t\t\t\t<\/div>\n\t\t<\/div>\n\t\t\t\t\t<\/div>\n\t\t<\/section>\n\t\t\t\t<section class=\"elementor-section elementor-top-section elementor-element elementor-element-2601bb5a elementor-section-boxed elementor-section-height-default elementor-section-height-default\" data-id=\"2601bb5a\" data-element_type=\"section\" data-e-type=\"section\">\n\t\t\t\t\t\t\t<div class=\"elementor-background-overlay\"><\/div>\n\t\t\t\t\t\t\t<div class=\"elementor-container elementor-column-gap-default\">\n\t\t\t\t\t<div class=\"elementor-column elementor-col-100 elementor-top-column elementor-element elementor-element-63c1f447\" data-id=\"63c1f447\" data-element_type=\"column\" data-e-type=\"column\">\n\t\t\t<div class=\"elementor-widget-wrap elementor-element-populated\">\n\t\t\t\t\t\t<div class=\"elementor-element elementor-element-63423753 elementor-widget elementor-widget-text-editor\" data-id=\"63423753\" data-element_type=\"widget\" data-e-type=\"widget\" data-widget_type=\"text-editor.default\">\n\t\t\t\t<div class=\"elementor-widget-container\">\n\t\t\t\t\t\t\t\t\t<p><\/p><p>La recent transposici\u00f3 a la legislaci\u00f3 espanyola d&#8217;aquesta \u00e9s un fet que ens concerneix directament, sent <strong>Viadenuncia<\/strong> un canal de den\u00fancies sota la <strong>Directiva 2019\/1937<\/strong>.<\/p><p>Espanya ha estat <strong>multada<\/strong> en diverses ocasions per la seva lentitud a l&#8217;hora de transposar directives europees, que ja no sols \u00e9s el fet de la mateixa tardan\u00e7a, sin\u00f3 tamb\u00e9 els errors que es comentin en aquestes transposicions.<\/p><p>En el cas que ens afecta, la <strong>Directiva 2019\/1937<\/strong>, el termini de transposici\u00f3 de la qual va v\u00e8ncer fa ja dos anys, ens trobem amb una llei que molt probablement no passa l&#8217;avaluaci\u00f3 de la Comissi\u00f3 Europea. Sobre aquest tema, <em>Jos\u00e9 Antonio G\u00f3mez,<\/em> director del<strong> Diario16<\/strong>, aprofundeix en un article sobre la transposici\u00f3 de la Directiva 2019\/1937, o <strong>Directiva Whistleblowers<\/strong>, en ell comenta com la Directiva, nascuda amb la voluntat de protegir els denunciants de corrupci\u00f3 i aix\u00ed protegir tamb\u00e9 els interessos econ\u00f2mics de la UE, es veu desvirtuada en la seva ess\u00e8ncia per la transposici\u00f3 feta pels legisladors espanyols.<\/p><p>L&#8217;article aprofundeix en aquells aspectes que clarament s&#8217;allunyen de la Directiva europea, com la protecci\u00f3 a tots els denunciants, i no sols a aquells que denunci\u00efn causes que es considerin greus o molt greus; i tamb\u00e9 la desprotecci\u00f3 per a aquells que emprin canals no \u00aboficials\u00bb, \u00e9s a dir aquells que no s\u00f3n gestionats per l<strong>&#8216;Autoritat Independent de Protecci\u00f3 de l&#8217;Informant<\/strong> dependent del Ministeri de Just\u00edcia, fet que contrav\u00e9 la independ\u00e8ncia i autonomia de les b\u00fasties, estipulat clarament en la Directiva 2019\/1937.<\/p><p>Un altre dels m\u00e9s cridaners aspectes de la llei transposada \u00e9s el fet que el denunciant pot anar a la pres\u00f3, perqu\u00e8 no elimina la responsabilitat penal dels denunciants.<\/p><p>Per a llegir l&#8217;article complet segueixi aquest <a href=\"https:\/\/diario16.com\/espana-provoca-que-la-union-europea-se-ponga-en-alerta-maxima-por-su-permisividad-con-la-corrupcion\/\" target=\"_blank\" rel=\"noopener\">enlla\u00e7.<\/a><\/p>\t\t\t\t\t\t\t\t<\/div>\n\t\t\t\t<\/div>\n\t\t\t\t<div class=\"elementor-element elementor-element-6d4c5484 elementor-post-navigation-borders-yes elementor-widget elementor-widget-post-navigation\" data-id=\"6d4c5484\" data-element_type=\"widget\" data-e-type=\"widget\" data-widget_type=\"post-navigation.default\">\n\t\t\t\t<div class=\"elementor-widget-container\">\n\t\t\t\t\t\t\t<div class=\"elementor-post-navigation\" role=\"navigation\" aria-label=\"Navegaci\u00f3n de la entrada\">\n\t\t\t<div class=\"elementor-post-navigation__prev elementor-post-navigation__link\">\n\t\t\t\t<a href=\"https:\/\/viadenuncia.net\/es\/presentacion-buzones-directiva-2019-197-madrid\/\" rel=\"prev\"><span class=\"post-navigation__arrow-wrapper post-navigation__arrow-prev\"><i aria-hidden=\"true\" class=\"fas fa-angle-left\"><\/i><span class=\"elementor-screen-only\">Ant<\/span><\/span><span class=\"elementor-post-navigation__link__prev\"><span class=\"post-navigation__prev--label\">Previous<\/span><span class=\"post-navigation__prev--title\">Evento: Presentaci\u00f3n de los Buzones de Denuncia de la Directiva 2019\/1937<\/span><\/span><\/a>\t\t\t<\/div>\n\t\t\t\t\t\t\t<div class=\"elementor-post-navigation__separator-wrapper\">\n\t\t\t\t\t<div class=\"elementor-post-navigation__separator\"><\/div>\n\t\t\t\t<\/div>\n\t\t\t\t\t\t<div class=\"elementor-post-navigation__next elementor-post-navigation__link\">\n\t\t\t\t<a href=\"https:\/\/viadenuncia.net\/es\/copyme-i-viadenuncia-entrevista-a-salvador-bellido\/\" rel=\"next\"><span class=\"elementor-post-navigation__link__next\"><span class=\"post-navigation__next--label\">Next<\/span><span class=\"post-navigation__next--title\">COPYME y Viadenuncia, entrevista a Salvador Bellido<\/span><\/span><span class=\"post-navigation__arrow-wrapper post-navigation__arrow-next\"><i aria-hidden=\"true\" class=\"fas fa-angle-right\"><\/i><span class=\"elementor-screen-only\">Siguiente<\/span><\/span><\/a>\t\t\t<\/div>\n\t\t<\/div>\n\t\t\t\t\t\t<\/div>\n\t\t\t\t<\/div>\n\t\t\t\t\t<\/div>\n\t\t<\/div>\n\t\t\t\t\t<\/div>\n\t\t<\/section>\n\t\t\t\t<section class=\"elementor-section elementor-top-section elementor-element elementor-element-5484fa4e elementor-section-boxed elementor-section-height-default elementor-section-height-default\" data-id=\"5484fa4e\" data-element_type=\"section\" data-e-type=\"section\" data-settings=\"{&quot;background_background&quot;:&quot;classic&quot;}\">\n\t\t\t\t\t\t<div class=\"elementor-container elementor-column-gap-default\">\n\t\t\t\t\t<div class=\"elementor-column elementor-col-100 elementor-top-column elementor-element elementor-element-4119febb\" data-id=\"4119febb\" data-element_type=\"column\" data-e-type=\"column\">\n\t\t\t<div class=\"elementor-widget-wrap elementor-element-populated\">\n\t\t\t\t\t\t\t<\/div>\n\t\t<\/div>\n\t\t\t\t\t<\/div>\n\t\t<\/section>\n\t\t\t\t<\/div>\n\t\t","protected":false},"excerpt":{"rendered":"<p>Art\u00edculo viadenuncia Despu\u00e9s de una larga espera, multas y sanciones por parte de la UE, Espa\u00f1a por fin, traspone la Directiva 2019\/1937. La reciente trasposici\u00f3n a la legislaci\u00f3n espa\u00f1ola de la misma es un hecho que nos ata\u00f1e directamente, siendo Viadenuncia un canal de denuncias bajo la Directiva 2019\/1937. Espa\u00f1a<a class=\"moretag\" href=\"https:\/\/viadenuncia.net\/es\/aprobada-la-trasposicion-de-la-directiva-2019-1937\/\"> Read more<\/a><\/p>\n","protected":false},"author":3,"featured_media":2436,"comment_status":"open","ping_status":"open","sticky":false,"template":"elementor_header_footer","format":"standard","meta":{"_jetpack_memberships_contains_paid_content":false,"footnotes":""},"categories":[9],"tags":[16],"class_list":["post-3316","post","type-post","status-publish","format-standard","has-post-thumbnail","hentry","category-fondos-europeos","tag-ley-2-2023"],"jetpack_featured_media_url":"https:\/\/viadenuncia.net\/wp-content\/uploads\/sites\/3\/2022\/04\/istockphoto-524903558-612x612-1.png","jetpack_sharing_enabled":true,"_links":{"self":[{"href":"https:\/\/viadenuncia.net\/es\/wp-json\/wp\/v2\/posts\/3316","targetHints":{"allow":["GET"]}}],"collection":[{"href":"https:\/\/viadenuncia.net\/es\/wp-json\/wp\/v2\/posts"}],"about":[{"href":"https:\/\/viadenuncia.net\/es\/wp-json\/wp\/v2\/types\/post"}],"author":[{"embeddable":true,"href":"https:\/\/viadenuncia.net\/es\/wp-json\/wp\/v2\/users\/3"}],"replies":[{"embeddable":true,"href":"https:\/\/viadenuncia.net\/es\/wp-json\/wp\/v2\/comments?post=3316"}],"version-history":[{"count":29,"href":"https:\/\/viadenuncia.net\/es\/wp-json\/wp\/v2\/posts\/3316\/revisions"}],"predecessor-version":[{"id":3767,"href":"https:\/\/viadenuncia.net\/es\/wp-json\/wp\/v2\/posts\/3316\/revisions\/3767"}],"wp:featuredmedia":[{"embeddable":true,"href":"https:\/\/viadenuncia.net\/es\/wp-json\/wp\/v2\/media\/2436"}],"wp:attachment":[{"href":"https:\/\/viadenuncia.net\/es\/wp-json\/wp\/v2\/media?parent=3316"}],"wp:term":[{"taxonomy":"category","embeddable":true,"href":"https:\/\/viadenuncia.net\/es\/wp-json\/wp\/v2\/categories?post=3316"},{"taxonomy":"post_tag","embeddable":true,"href":"https:\/\/viadenuncia.net\/es\/wp-json\/wp\/v2\/tags?post=3316"}],"curies":[{"name":"wp","href":"https:\/\/api.w.org\/{rel}","templated":true}]}}