{"id":1649,"date":"2021-07-21T20:50:20","date_gmt":"2021-07-21T18:50:20","guid":{"rendered":"https:\/\/viadenuncia.net\/?p=1649"},"modified":"2023-05-22T10:16:16","modified_gmt":"2023-05-22T08:16:16","slug":"torre-serona-la-primera-con-canal-whistleblower","status":"publish","type":"post","link":"https:\/\/viadenuncia.net\/es\/torre-serona-la-primera-con-canal-whistleblower\/","title":{"rendered":"Torre-Serona se convierte en la primera localidad de Espa\u00f1a en implementar de los canales de denunciantes de corrupci\u00f3n"},"content":{"rendered":"\t\t<div data-elementor-type=\"wp-post\" data-elementor-id=\"1649\" class=\"elementor elementor-1649\" data-elementor-post-type=\"post\">\n\t\t\t\t\t\t<section class=\"elementor-section elementor-top-section elementor-element elementor-element-71c20391 elementor-section-full_width elementor-section-height-default elementor-section-height-default\" data-id=\"71c20391\" data-element_type=\"section\" data-e-type=\"section\">\n\t\t\t\t\t\t\t<div class=\"elementor-background-overlay\"><\/div>\n\t\t\t\t\t\t\t<div class=\"elementor-container elementor-column-gap-default\">\n\t\t\t\t\t<div class=\"elementor-column elementor-col-100 elementor-top-column elementor-element elementor-element-716eb81b\" data-id=\"716eb81b\" data-element_type=\"column\" data-e-type=\"column\">\n\t\t\t<div class=\"elementor-widget-wrap elementor-element-populated\">\n\t\t\t\t\t\t<div class=\"elementor-element elementor-element-5d43b7b1 elementor-widget elementor-widget-heading\" data-id=\"5d43b7b1\" data-element_type=\"widget\" data-e-type=\"widget\" data-widget_type=\"heading.default\">\n\t\t\t\t<div class=\"elementor-widget-container\">\n\t\t\t\t\t<h2 class=\"elementor-heading-title elementor-size-default\">Art\u00edculo<\/h2>\t\t\t\t<\/div>\n\t\t\t\t<\/div>\n\t\t\t\t\t<\/div>\n\t\t<\/div>\n\t\t\t\t\t<\/div>\n\t\t<\/section>\n\t\t\t\t<section class=\"elementor-section elementor-top-section elementor-element elementor-element-205ae617 elementor-section-boxed elementor-section-height-default elementor-section-height-default\" data-id=\"205ae617\" data-element_type=\"section\" data-e-type=\"section\">\n\t\t\t\t\t\t\t<div class=\"elementor-background-overlay\"><\/div>\n\t\t\t\t\t\t\t<div class=\"elementor-container elementor-column-gap-default\">\n\t\t\t\t\t<div class=\"elementor-column elementor-col-100 elementor-top-column elementor-element elementor-element-248ef5a2\" data-id=\"248ef5a2\" data-element_type=\"column\" data-e-type=\"column\">\n\t\t\t<div class=\"elementor-widget-wrap elementor-element-populated\">\n\t\t\t\t\t\t<div class=\"elementor-element elementor-element-3ea0bf0 elementor-widget elementor-widget-heading\" data-id=\"3ea0bf0\" data-element_type=\"widget\" data-e-type=\"widget\" data-widget_type=\"heading.default\">\n\t\t\t\t<div class=\"elementor-widget-container\">\n\t\t\t\t\t<h4 class=\"elementor-heading-title elementor-size-default\">viadenuncia<\/h4>\t\t\t\t<\/div>\n\t\t\t\t<\/div>\n\t\t\t\t<div class=\"elementor-element elementor-element-6197f8c1 elementor-widget elementor-widget-theme-post-title elementor-page-title elementor-widget-heading\" data-id=\"6197f8c1\" data-element_type=\"widget\" data-e-type=\"widget\" data-widget_type=\"theme-post-title.default\">\n\t\t\t\t<div class=\"elementor-widget-container\">\n\t\t\t\t\t<h1 class=\"elementor-heading-title elementor-size-default\">Torre-Serona se convierte en la primera localidad de Espa\u00f1a en implementar de los canales de denunciantes de corrupci\u00f3n<\/h1>\t\t\t\t<\/div>\n\t\t\t\t<\/div>\n\t\t\t\t\t<\/div>\n\t\t<\/div>\n\t\t\t\t\t<\/div>\n\t\t<\/section>\n\t\t\t\t<section class=\"elementor-section elementor-top-section elementor-element elementor-element-56625646 elementor-section-boxed elementor-section-height-default elementor-section-height-default\" data-id=\"56625646\" data-element_type=\"section\" data-e-type=\"section\">\n\t\t\t\t\t\t\t<div class=\"elementor-background-overlay\"><\/div>\n\t\t\t\t\t\t\t<div class=\"elementor-container elementor-column-gap-default\">\n\t\t\t\t\t<div class=\"elementor-column elementor-col-50 elementor-top-column elementor-element elementor-element-7ced0c41\" data-id=\"7ced0c41\" data-element_type=\"column\" data-e-type=\"column\">\n\t\t\t<div class=\"elementor-widget-wrap elementor-element-populated\">\n\t\t\t\t\t\t<div class=\"elementor-element elementor-element-1bc45d99 elementor-widget elementor-widget-theme-post-featured-image elementor-widget-image\" data-id=\"1bc45d99\" data-element_type=\"widget\" data-e-type=\"widget\" id=\"Torre-Serona ayuntamiento\" data-widget_type=\"theme-post-featured-image.default\">\n\t\t\t\t<div class=\"elementor-widget-container\">\n\t\t\t\t\t\t\t\t\t\t\t\t\t\t\t<img fetchpriority=\"high\" decoding=\"async\" width=\"1024\" height=\"680\" src=\"https:\/\/viadenuncia.net\/wp-content\/uploads\/sites\/3\/2022\/04\/Ayuntamiento-Torre-Serona-1024x680-2.png\" class=\"attachment-full size-full wp-image-2434\" alt=\"ayuntamiento torre serona\" srcset=\"https:\/\/viadenuncia.net\/wp-content\/uploads\/sites\/3\/2022\/04\/Ayuntamiento-Torre-Serona-1024x680-2.png 1024w, https:\/\/viadenuncia.net\/wp-content\/uploads\/sites\/3\/2022\/04\/Ayuntamiento-Torre-Serona-1024x680-2-300x199.png 300w, https:\/\/viadenuncia.net\/wp-content\/uploads\/sites\/3\/2022\/04\/Ayuntamiento-Torre-Serona-1024x680-2-768x510.png 768w, https:\/\/viadenuncia.net\/wp-content\/uploads\/sites\/3\/2022\/04\/Ayuntamiento-Torre-Serona-1024x680-2-360x240.png 360w\" sizes=\"(max-width: 1024px) 100vw, 1024px\" \/>\t\t\t\t\t\t\t\t\t\t\t\t\t\t\t<\/div>\n\t\t\t\t<\/div>\n\t\t\t\t\t<\/div>\n\t\t<\/div>\n\t\t\t\t<div class=\"elementor-column elementor-col-50 elementor-top-column elementor-element elementor-element-77113554\" data-id=\"77113554\" data-element_type=\"column\" data-e-type=\"column\">\n\t\t\t<div class=\"elementor-widget-wrap elementor-element-populated\">\n\t\t\t\t\t\t<div class=\"elementor-element elementor-element-2afa1466 elementor-widget elementor-widget-post-info\" data-id=\"2afa1466\" data-element_type=\"widget\" data-e-type=\"widget\" data-widget_type=\"post-info.default\">\n\t\t\t\t<div class=\"elementor-widget-container\">\n\t\t\t\t\t\t\t<ul class=\"elementor-inline-items elementor-icon-list-items elementor-post-info\">\n\t\t\t\t\t\t\t\t<li class=\"elementor-icon-list-item elementor-repeater-item-158a7de elementor-inline-item\" itemprop=\"datePublished\">\n\t\t\t\t\t\t\t\t\t\t<span class=\"elementor-icon-list-icon\">\n\t\t\t\t\t\t\t\t<i aria-hidden=\"true\" class=\"fas fa-calendar\"><\/i>\t\t\t\t\t\t\t<\/span>\n\t\t\t\t\t\t\t\t\t<span class=\"elementor-icon-list-text elementor-post-info__item elementor-post-info__item--type-date\">\n\t\t\t\t\t\t\t\t\t\t<time>julio 21, 2021<\/time>\t\t\t\t\t<\/span>\n\t\t\t\t\t\t\t\t<\/li>\n\t\t\t\t<li class=\"elementor-icon-list-item elementor-repeater-item-5e9fe20 elementor-inline-item\" itemprop=\"about\">\n\t\t\t\t\t\t\t\t\t\t<span class=\"elementor-icon-list-icon\">\n\t\t\t\t\t\t\t\t<i aria-hidden=\"true\" class=\"fas fa-tags\"><\/i>\t\t\t\t\t\t\t<\/span>\n\t\t\t\t\t\t\t\t\t<span class=\"elementor-icon-list-text elementor-post-info__item elementor-post-info__item--type-terms\">\n\t\t\t\t\t\t\t\t\t\t<span class=\"elementor-post-info__terms-list\">\n\t\t\t\t<span class=\"elementor-post-info__terms-list-item\">Administraciones p\u00fablicas<\/span>\t\t\t\t<\/span>\n\t\t\t\t\t<\/span>\n\t\t\t\t\t\t\t\t<\/li>\n\t\t\t\t<\/ul>\n\t\t\t\t\t\t<\/div>\n\t\t\t\t<\/div>\n\t\t\t\t<div class=\"elementor-element elementor-element-677e69ca elementor-widget elementor-widget-text-editor\" data-id=\"677e69ca\" data-element_type=\"widget\" data-e-type=\"widget\" data-widget_type=\"text-editor.default\">\n\t\t\t\t<div class=\"elementor-widget-container\">\n\t\t\t\t\t\t\t\t\t<p>[:ca ]<span>El consistori ilerdenc s&#8217;ha convertit en la primera administraci\u00f3 p\u00fablica a habilitar b\u00fasties de den\u00fancia, segons els termes assenyalats per la Directiva\u00a0<\/span><span>Whistleblowers<\/span><span>.<\/span>El consistorio ilerdense se ha convertido en la primera administraci\u00f3n p\u00fablica en habilitar buzones de denuncia, seg\u00fan los t\u00e9rminos se\u00f1alados por la Directiva Whistleblowers.<\/p>\t\t\t\t\t\t\t\t<\/div>\n\t\t\t\t<\/div>\n\t\t\t\t\t<\/div>\n\t\t<\/div>\n\t\t\t\t\t<\/div>\n\t\t<\/section>\n\t\t\t\t<section class=\"elementor-section elementor-top-section elementor-element elementor-element-4ff529cb elementor-section-boxed elementor-section-height-default elementor-section-height-default\" data-id=\"4ff529cb\" data-element_type=\"section\" data-e-type=\"section\">\n\t\t\t\t\t\t\t<div class=\"elementor-background-overlay\"><\/div>\n\t\t\t\t\t\t\t<div class=\"elementor-container elementor-column-gap-default\">\n\t\t\t\t\t<div class=\"elementor-column elementor-col-100 elementor-top-column elementor-element elementor-element-9a0bdf1\" data-id=\"9a0bdf1\" data-element_type=\"column\" data-e-type=\"column\">\n\t\t\t<div class=\"elementor-widget-wrap elementor-element-populated\">\n\t\t\t\t\t\t<div class=\"elementor-element elementor-element-4e3176ca elementor-widget elementor-widget-text-editor\" data-id=\"4e3176ca\" data-element_type=\"widget\" data-e-type=\"widget\" data-widget_type=\"text-editor.default\">\n\t\t\t\t<div class=\"elementor-widget-container\">\n\t\t\t\t\t\t\t\t\t<p><\/p><h1><span style=\"color: #993300;\">Torre-Serona aplica la directiva Whistleblower y se convierte en la primera localidad de Espa\u00f1a en hacer uso de los canales de denunciantes de corrupci\u00f3n.<\/span><\/h1><h2>El consistorio Ilerdense pionero en habilitar buzones de denuncia an\u00f3nima seg\u00fan la directiva whistleblower de la UE.<\/h2><p>A partir de hoy Torre-Serona, una localidad ubicada en Lleida se convierte en el primer ayuntamiento en toda Espa\u00f1a en aplicar la <strong>directiva obligatoria<\/strong> conocida como <strong>Directiva Whistleblower<\/strong> o <a href=\"https:\/\/viadenuncia.net\/\" target=\"_blank\" rel=\"noopener\"><strong>Directiva 2019\/1937<\/strong><\/a> de protecci\u00f3n a los denunciantes de corrupci\u00f3n. La Directiva obliga a todas las empresas de m\u00e1s de 50 trabajadores, as\u00ed como las peque\u00f1as que est\u00e9n sujetas a actividades que por su car\u00e1cter sensible deban aplicar la directiva.<\/p><p>El periodo para la aplicaci\u00f3n de dicha transposici\u00f3n para el caso espa\u00f1ol expira el 17 de diciembre de 2021.<\/p><h2>\u00bfQu\u00e9 se busca con los canales de denuncias an\u00f3nimas?<\/h2><p>Los buzones de denuncias an\u00f3nimas exigidos en la directiva generan los canales de una interacci\u00f3n fluida entre el denunciante y los auditores.<\/p><h3>\u00bfC\u00f3mo se logra esta relaci\u00f3n entre denunciante y auditor?<\/h3><p>Para que la <strong>Directiva 2019\/1937<\/strong> o directiva whistleblower de protecci\u00f3n a los denunciantes de corrupci\u00f3n y de conductas contrarias a los intereses de la uni\u00f3n eleve los \u00edndices \u00e9ticos de control de las administraciones p\u00fablicas, es necesario obligar a que los auditores sean absolutamente independientes a la instituci\u00f3n para gestionar los canales de denuncia an\u00f3nima.<\/p><p>Los canales b\u00e1sicos e imprescindibles son:<\/p><ul><li>A trav\u00e9s de una p\u00e1gina web<\/li><li>v\u00eda\u00a0 correo electr\u00f3nico.<\/li><li>A trav\u00e9s de canales telef\u00f3nicos.<\/li><li>Presencial y que garantice la anonimidad del denunciante.<\/li><\/ul><p>Estos buzones son la herramienta fundamental para evitar represalias, ya que estas conductas est\u00e1n prohibidas por la legislaci\u00f3n vigente.<\/p><h2>\u00bfC\u00f3mo funcionan los buzones de denuncias an\u00f3nimas?<\/h2><p>Al ser una herramienta sensible y la cual debe tratar los datos de manera an\u00f3nima a trav\u00e9s de los puntos enumerados con anterioridad, se deben mantener estos subcanales operativos en todo momento, as\u00ed como las herramientas complementarias sobre certificaciones en comunicaciones y an\u00e1lisis de riesgos.<\/p><p>Estos buzones de denuncias an\u00f3nimas, al ser una herramienta muy compleja en su funcionamiento, necesitan que se pueda garantizar la <strong>seguridad<\/strong>, la <strong>confidencialidad<\/strong>, la protecci\u00f3n de los <strong>datos<\/strong> y el <strong>secreto<\/strong> para hacerla <strong>independiente<\/strong> <strong>y responsable<\/strong> en su gesti\u00f3n.<\/p><p>Es por estas razones que se requiere a quien maneje estos buzones, que sea una persona f\u00edsica o jur\u00eddica que pueda ser individualizada en la gesti\u00f3n de estas v\u00edas de denuncia. Para esta gesti\u00f3n no podr\u00e1 ser cualquier ente no identificado; adicionalmente debe tener las capacidades jur\u00eddicas y t\u00e9cnicas, as\u00ed como experiencia y conocimiento en derecho de la uni\u00f3n, de las obligaciones y de las infracciones para que pueda ayudar al informante, alertador o denunciante seg\u00fan sea el caso.<\/p><p>Estos canales de denuncia son el precedente de las pruebas que pueden ser presentadas en futuros procedimientos judiciales, al igual, sirven de filtro de la informaci\u00f3n suministrada por los denunciantes.<\/p><p>Esta directiva al incluir las pruebas personales, periciales y documentales en muchos de los casos se convierte en un procedimiento interno de car\u00e1cter vinculante y aut\u00e9ntico durante los 3 meses que duran las diligencias que impone la directiva. Es por todas estas razones que quien no disponga de dichos buzones de denuncias ser\u00e1 sancionado.<\/p><p>Al acogerse, el ayuntamiento de <strong>Torre-Serona<\/strong>, a la directiva de denunciantes con su buz\u00f3n de denuncias y que est\u00e1 acorde a la normativa europea, se convierte en referencia a nivel nacional al contar con un ente que gestione las denuncias an\u00f3nimas por ser este \u00f3ptimo y acorde a los est\u00e1ndares de la uni\u00f3n en materia t\u00e9cnica y de normativa.<\/p><h2>Torre-Serona elige a Viadenuncia.<\/h2><p>El canal interno de <a href=\"https:\/\/viadenuncia.net\/viadenuncia\/\" target=\"_blank\" rel=\"noopener\"><strong>v\u00edadenuncia<\/strong><\/a> ha sido elegido por el ayuntamiento de <strong>Torre-Serona<\/strong> por ser el m\u00e1s moderno y mejor adaptado a la normativa europea. En Barcelona son gestionados al igual canales \u00e9ticos, sin embargo, estos son gestionados por funcionarios propios o algunos otros que son gestionados por empresas de m\u00faltiples servicios, por lo cual, no existe una independencia real en el marco de la nueva normativa.<\/p><p><strong>ASPERTIC<\/strong> es la asociaci\u00f3n promotora y pionera de la iniciativa, por esta raz\u00f3n, valid\u00f3 y form\u00f3 a los instructores, as\u00ed como desarroll\u00f3 el cuerpo documental preciso y acorde a las normas europeas, tambi\u00e9n es quien audita permanentemente los protocolos de <strong>v\u00edadenuncia<\/strong>.<\/p><p><strong>ASPERTIC<\/strong>, colabora actualmente con instituciones europeas, en especial, el tribunal de cuentas, la comisi\u00f3n y la <strong>OLAF<\/strong>.<\/p><p><\/p>\t\t\t\t\t\t\t\t<\/div>\n\t\t\t\t<\/div>\n\t\t\t\t\t<\/div>\n\t\t<\/div>\n\t\t\t\t\t<\/div>\n\t\t<\/section>\n\t\t\t\t<section class=\"elementor-section elementor-top-section elementor-element elementor-element-8af42c8 elementor-section-boxed elementor-section-height-default elementor-section-height-default\" data-id=\"8af42c8\" data-element_type=\"section\" data-e-type=\"section\">\n\t\t\t\t\t\t\t<div class=\"elementor-background-overlay\"><\/div>\n\t\t\t\t\t\t\t<div class=\"elementor-container elementor-column-gap-default\">\n\t\t\t\t\t<div class=\"elementor-column elementor-col-100 elementor-top-column elementor-element elementor-element-bb11f69\" data-id=\"bb11f69\" data-element_type=\"column\" data-e-type=\"column\">\n\t\t\t<div class=\"elementor-widget-wrap elementor-element-populated\">\n\t\t\t\t\t\t<div class=\"elementor-element elementor-element-4d1a3a64 elementor-align-center elementor-widget elementor-widget-button\" data-id=\"4d1a3a64\" data-element_type=\"widget\" data-e-type=\"widget\" data-widget_type=\"button.default\">\n\t\t\t\t<div class=\"elementor-widget-container\">\n\t\t\t\t\t\t\t\t\t<div class=\"elementor-button-wrapper\">\n\t\t\t\t\t<a class=\"elementor-button elementor-button-link elementor-size-md\" href=\"https:\/\/viadenuncia.net\/buzones-administraciones-publicas\/\" target=\"_blank\">\n\t\t\t\t\t\t<span class=\"elementor-button-content-wrapper\">\n\t\t\t\t\t\t\t\t\t<span class=\"elementor-button-text\">Administraciones p\u00fablicas<\/span>\n\t\t\t\t\t<\/span>\n\t\t\t\t\t<\/a>\n\t\t\t\t<\/div>\n\t\t\t\t\t\t\t\t<\/div>\n\t\t\t\t<\/div>\n\t\t\t\t<div class=\"elementor-element elementor-element-518fa7d elementor-post-navigation-borders-yes elementor-widget elementor-widget-post-navigation\" data-id=\"518fa7d\" data-element_type=\"widget\" data-e-type=\"widget\" data-widget_type=\"post-navigation.default\">\n\t\t\t\t<div class=\"elementor-widget-container\">\n\t\t\t\t\t\t\t<div class=\"elementor-post-navigation\" role=\"navigation\" aria-label=\"Navegaci\u00f3n de la entrada\">\n\t\t\t<div class=\"elementor-post-navigation__prev elementor-post-navigation__link\">\n\t\t\t\t<a href=\"https:\/\/viadenuncia.net\/es\/antifrau-cataluna-con-neiwa-sobre-canales-denuncia\/\" rel=\"prev\"><span class=\"post-navigation__arrow-wrapper post-navigation__arrow-prev\"><i aria-hidden=\"true\" class=\"fas fa-angle-left\"><\/i><span class=\"elementor-screen-only\">Ant<\/span><\/span><span class=\"elementor-post-navigation__link__prev\"><span class=\"post-navigation__prev--label\">Previous<\/span><span class=\"post-navigation__prev--title\">La Oficina Antifraude de Catalu\u00f1a (Antifrau) se suscribe a las declaraciones de la NEIWA sobre los canales de denuncia realizadas en Utrecht<\/span><\/span><\/a>\t\t\t<\/div>\n\t\t\t\t\t\t\t<div class=\"elementor-post-navigation__separator-wrapper\">\n\t\t\t\t\t<div class=\"elementor-post-navigation__separator\"><\/div>\n\t\t\t\t<\/div>\n\t\t\t\t\t\t<div class=\"elementor-post-navigation__next elementor-post-navigation__link\">\n\t\t\t\t<a href=\"https:\/\/viadenuncia.net\/es\/plataforma-viadenuncia-funciona-en-torre-serona\/\" rel=\"next\"><span class=\"elementor-post-navigation__link__next\"><span class=\"post-navigation__next--label\">Next<\/span><span class=\"post-navigation__next--title\">La plataforma de denuncias de Viadenuncia empieza a funcionar en el ayuntamiento de Torre-Serona<\/span><\/span><span class=\"post-navigation__arrow-wrapper post-navigation__arrow-next\"><i aria-hidden=\"true\" class=\"fas fa-angle-right\"><\/i><span class=\"elementor-screen-only\">Siguiente<\/span><\/span><\/a>\t\t\t<\/div>\n\t\t<\/div>\n\t\t\t\t\t\t<\/div>\n\t\t\t\t<\/div>\n\t\t\t\t\t<\/div>\n\t\t<\/div>\n\t\t\t\t\t<\/div>\n\t\t<\/section>\n\t\t\t\t<section class=\"elementor-section elementor-top-section elementor-element elementor-element-63217665 elementor-section-boxed elementor-section-height-default elementor-section-height-default\" data-id=\"63217665\" data-element_type=\"section\" data-e-type=\"section\" data-settings=\"{&quot;background_background&quot;:&quot;classic&quot;}\">\n\t\t\t\t\t\t<div class=\"elementor-container elementor-column-gap-default\">\n\t\t\t\t\t<div class=\"elementor-column elementor-col-100 elementor-top-column elementor-element elementor-element-353dc21e\" data-id=\"353dc21e\" data-element_type=\"column\" data-e-type=\"column\">\n\t\t\t<div class=\"elementor-widget-wrap elementor-element-populated\">\n\t\t\t\t\t\t\t<\/div>\n\t\t<\/div>\n\t\t\t\t\t<\/div>\n\t\t<\/section>\n\t\t\t\t<\/div>\n\t\t","protected":false},"excerpt":{"rendered":"<p>Art\u00edculo viadenuncia [:ca ]El consistori ilerdenc s&#8217;ha convertit en la primera administraci\u00f3 p\u00fablica a habilitar b\u00fasties de den\u00fancia, segons els termes assenyalats per la Directiva\u00a0Whistleblowers.El consistorio ilerdense se ha convertido en la primera administraci\u00f3n p\u00fablica en habilitar buzones de denuncia, seg\u00fan los t\u00e9rminos se\u00f1alados por la Directiva Whistleblowers. Torre-Serona aplica<a class=\"moretag\" href=\"https:\/\/viadenuncia.net\/es\/torre-serona-la-primera-con-canal-whistleblower\/\"> Read more<\/a><\/p>\n","protected":false},"author":1,"featured_media":2434,"comment_status":"closed","ping_status":"closed","sticky":false,"template":"elementor_header_footer","format":"standard","meta":{"_jetpack_memberships_contains_paid_content":false,"footnotes":""},"categories":[11],"tags":[14],"class_list":["post-1649","post","type-post","status-publish","format-standard","has-post-thumbnail","hentry","category-administraciones-publicas","tag-buzon-de-denuncias"],"jetpack_featured_media_url":"https:\/\/viadenuncia.net\/wp-content\/uploads\/sites\/3\/2022\/04\/Ayuntamiento-Torre-Serona-1024x680-2.png","jetpack_sharing_enabled":true,"_links":{"self":[{"href":"https:\/\/viadenuncia.net\/es\/wp-json\/wp\/v2\/posts\/1649","targetHints":{"allow":["GET"]}}],"collection":[{"href":"https:\/\/viadenuncia.net\/es\/wp-json\/wp\/v2\/posts"}],"about":[{"href":"https:\/\/viadenuncia.net\/es\/wp-json\/wp\/v2\/types\/post"}],"author":[{"embeddable":true,"href":"https:\/\/viadenuncia.net\/es\/wp-json\/wp\/v2\/users\/1"}],"replies":[{"embeddable":true,"href":"https:\/\/viadenuncia.net\/es\/wp-json\/wp\/v2\/comments?post=1649"}],"version-history":[{"count":42,"href":"https:\/\/viadenuncia.net\/es\/wp-json\/wp\/v2\/posts\/1649\/revisions"}],"predecessor-version":[{"id":3755,"href":"https:\/\/viadenuncia.net\/es\/wp-json\/wp\/v2\/posts\/1649\/revisions\/3755"}],"wp:featuredmedia":[{"embeddable":true,"href":"https:\/\/viadenuncia.net\/es\/wp-json\/wp\/v2\/media\/2434"}],"wp:attachment":[{"href":"https:\/\/viadenuncia.net\/es\/wp-json\/wp\/v2\/media?parent=1649"}],"wp:term":[{"taxonomy":"category","embeddable":true,"href":"https:\/\/viadenuncia.net\/es\/wp-json\/wp\/v2\/categories?post=1649"},{"taxonomy":"post_tag","embeddable":true,"href":"https:\/\/viadenuncia.net\/es\/wp-json\/wp\/v2\/tags?post=1649"}],"curies":[{"name":"wp","href":"https:\/\/api.w.org\/{rel}","templated":true}]}}