{"id":1174,"date":"2021-05-15T10:57:50","date_gmt":"2021-05-15T08:57:50","guid":{"rendered":"https:\/\/viadenuncia.net\/?p=1174"},"modified":"2022-03-24T11:54:29","modified_gmt":"2022-03-24T10:54:29","slug":"buzon-comunicacion-empresas-publicas-2019-1937-whistleblowers","status":"publish","type":"post","link":"https:\/\/viadenuncia.net\/es\/buzon-comunicacion-empresas-publicas-2019-1937-whistleblowers\/","title":{"rendered":"Canal y buz\u00f3n \u00e9tico de comunicaci\u00f3n para Empresas y Administraciones publicas Directiva 2019\/1937 Whistleblowers"},"content":{"rendered":"\t\t<div data-elementor-type=\"wp-post\" data-elementor-id=\"1174\" class=\"elementor elementor-1174\" data-elementor-post-type=\"post\">\n\t\t\t\t\t\t<section class=\"elementor-section elementor-top-section elementor-element elementor-element-60d10520 elementor-section-full_width elementor-section-height-default elementor-section-height-default\" data-id=\"60d10520\" data-element_type=\"section\" data-e-type=\"section\">\n\t\t\t\t\t\t\t<div class=\"elementor-background-overlay\"><\/div>\n\t\t\t\t\t\t\t<div class=\"elementor-container elementor-column-gap-default\">\n\t\t\t\t\t<div class=\"elementor-column elementor-col-100 elementor-top-column elementor-element elementor-element-7b43ee6d\" data-id=\"7b43ee6d\" data-element_type=\"column\" data-e-type=\"column\">\n\t\t\t<div class=\"elementor-widget-wrap elementor-element-populated\">\n\t\t\t\t\t\t<div class=\"elementor-element elementor-element-46e5161f elementor-widget elementor-widget-text-editor\" data-id=\"46e5161f\" data-element_type=\"widget\" data-e-type=\"widget\" data-widget_type=\"text-editor.default\">\n\t\t\t\t<div class=\"elementor-widget-container\">\n\t\t\t\t\t\t\t\t\t<p>viadenuncia<\/p>\t\t\t\t\t\t\t\t<\/div>\n\t\t\t\t<\/div>\n\t\t\t\t<div class=\"elementor-element elementor-element-575d8efb elementor-widget elementor-widget-heading\" data-id=\"575d8efb\" data-element_type=\"widget\" data-e-type=\"widget\" data-widget_type=\"heading.default\">\n\t\t\t\t<div class=\"elementor-widget-container\">\n\t\t\t\t\t<h1 class=\"elementor-heading-title elementor-size-default\">Canal de comunicaci\u00f3 \u00e8tic per a Empreses<\/h1>\t\t\t\t<\/div>\n\t\t\t\t<\/div>\n\t\t\t\t<div class=\"elementor-element elementor-element-1a455c3d elementor-widget elementor-widget-heading\" data-id=\"1a455c3d\" data-element_type=\"widget\" data-e-type=\"widget\" data-widget_type=\"heading.default\">\n\t\t\t\t<div class=\"elementor-widget-container\">\n\t\t\t\t\t<h2 class=\"elementor-heading-title elementor-size-default\">Apr\u00e8n en qu\u00e8 consisteix i qu\u00e8 ha de complir una de les principals eines de prevenci\u00f3 i detecci\u00f3 de fau empresarial<\/h2>\t\t\t\t<\/div>\n\t\t\t\t<\/div>\n\t\t\t\t\t<\/div>\n\t\t<\/div>\n\t\t\t\t\t<\/div>\n\t\t<\/section>\n\t\t\t\t<section class=\"elementor-section elementor-top-section elementor-element elementor-element-186796a5 elementor-section-boxed elementor-section-height-default elementor-section-height-default\" data-id=\"186796a5\" data-element_type=\"section\" data-e-type=\"section\">\n\t\t\t\t\t\t\t<div class=\"elementor-background-overlay\"><\/div>\n\t\t\t\t\t\t\t<div class=\"elementor-container elementor-column-gap-default\">\n\t\t\t\t\t<div class=\"elementor-column elementor-col-50 elementor-top-column elementor-element elementor-element-4a020e03\" data-id=\"4a020e03\" data-element_type=\"column\" data-e-type=\"column\">\n\t\t\t<div class=\"elementor-widget-wrap elementor-element-populated\">\n\t\t\t\t\t\t<div class=\"elementor-element elementor-element-e028200 elementor-widget elementor-widget-image\" data-id=\"e028200\" data-element_type=\"widget\" data-e-type=\"widget\" data-widget_type=\"image.default\">\n\t\t\t\t<div class=\"elementor-widget-container\">\n\t\t\t\t\t\t\t\t\t\t\t\t\t\t\t<img fetchpriority=\"high\" decoding=\"async\" width=\"750\" height=\"583\" src=\"https:\/\/viadenuncia.net\/wp-content\/uploads\/sites\/3\/2021\/03\/viadenuncia_portada_denunciants.jpg\" class=\"attachment-large size-large wp-image-265\" alt=\"\" srcset=\"https:\/\/viadenuncia.net\/wp-content\/uploads\/sites\/3\/2021\/03\/viadenuncia_portada_denunciants.jpg 900w, https:\/\/viadenuncia.net\/wp-content\/uploads\/sites\/3\/2021\/03\/viadenuncia_portada_denunciants-300x233.jpg 300w, https:\/\/viadenuncia.net\/wp-content\/uploads\/sites\/3\/2021\/03\/viadenuncia_portada_denunciants-768x597.jpg 768w\" sizes=\"(max-width: 750px) 100vw, 750px\" \/>\t\t\t\t\t\t\t\t\t\t\t\t\t\t\t<\/div>\n\t\t\t\t<\/div>\n\t\t\t\t\t<\/div>\n\t\t<\/div>\n\t\t\t\t<div class=\"elementor-column elementor-col-50 elementor-top-column elementor-element elementor-element-3ca9da20\" data-id=\"3ca9da20\" data-element_type=\"column\" data-e-type=\"column\">\n\t\t\t<div class=\"elementor-widget-wrap elementor-element-populated\">\n\t\t\t\t\t\t<div class=\"elementor-element elementor-element-6d36481a elementor-widget elementor-widget-heading\" data-id=\"6d36481a\" data-element_type=\"widget\" data-e-type=\"widget\" data-widget_type=\"heading.default\">\n\t\t\t\t<div class=\"elementor-widget-container\">\n\t\t\t\t\t<h3 class=\"elementor-heading-title elementor-size-default\">Quant ens costa la corrupci\u00f3?<\/h3>\t\t\t\t<\/div>\n\t\t\t\t<\/div>\n\t\t\t\t<div class=\"elementor-element elementor-element-1c413f72 elementor-widget elementor-widget-text-editor\" data-id=\"1c413f72\" data-element_type=\"widget\" data-e-type=\"widget\" data-widget_type=\"text-editor.default\">\n\t\t\t\t<div class=\"elementor-widget-container\">\n\t\t\t\t\t\t\t\t\t<p><br \/>A mitjans de 2016 l&#8217;<a href=\"https:\/\/aspertic.org\" target=\"_blank\" rel=\"nofollow noopener\"><strong>associaci\u00f3 Aspertic<\/strong><\/a>\u00a0de Barcelona va formular una pregunta a la Comissi\u00f3 Europea: Quant ens costa la corrupci\u00f3?, Si \u00e9s tanta quantitat com dieu (m\u00e9s de 800 milions d&#8217;Euros cada any), perqu\u00e8 no protegiu als qui denuncien la corrupci\u00f3? De segur que hi sortirem guanyant.<br \/><br \/><br \/>A partir d&#8217;aquell moment la maquin\u00e0ria es pos\u00e0 en marxa.<br \/><br \/><br \/><a href=\"https:\/\/viadenuncia.net\"><strong>Viadenuncia<\/strong><\/a> neix del grup inicial que es va enfrontar des d&#8217;Europa a la corrupci\u00f3 i les penes que rebien els que la denunciaven.<br \/><br \/><br \/>La sorpresa va ser que, aix\u00ed que passava el temps, la Uni\u00f3 Europea va anar ampliant l&#8217;objecte de la futura Directiva, fins a ser la Directiva 2019\/1937 RELATIVA A LA PROTECCI\u00d3 DE LES PERSONES QUE INFORMEN SOBRE INFRACCIONS DEL DRET DE LA UNI\u00d3.<br \/><\/p>\t\t\t\t\t\t\t\t<\/div>\n\t\t\t\t<\/div>\n\t\t\t\t\t<\/div>\n\t\t<\/div>\n\t\t\t\t\t<\/div>\n\t\t<\/section>\n\t\t\t\t<section class=\"elementor-section elementor-top-section elementor-element elementor-element-57c38539 elementor-section-boxed elementor-section-height-default elementor-section-height-default\" data-id=\"57c38539\" data-element_type=\"section\" data-e-type=\"section\">\n\t\t\t\t\t\t\t<div class=\"elementor-background-overlay\"><\/div>\n\t\t\t\t\t\t\t<div class=\"elementor-container elementor-column-gap-default\">\n\t\t\t\t\t<div class=\"elementor-column elementor-col-50 elementor-top-column elementor-element elementor-element-789e6f95\" data-id=\"789e6f95\" data-element_type=\"column\" data-e-type=\"column\">\n\t\t\t<div class=\"elementor-widget-wrap elementor-element-populated\">\n\t\t\t\t\t\t<div class=\"elementor-element elementor-element-6f560e4f elementor-widget elementor-widget-image\" data-id=\"6f560e4f\" data-element_type=\"widget\" data-e-type=\"widget\" data-widget_type=\"image.default\">\n\t\t\t\t<div class=\"elementor-widget-container\">\n\t\t\t\t\t\t\t\t\t\t\t\t\t\t\t<img decoding=\"async\" width=\"750\" height=\"583\" src=\"https:\/\/viadenuncia.net\/wp-content\/uploads\/sites\/3\/2021\/03\/viadenuncia_portada_parlament.jpg\" class=\"attachment-large size-large wp-image-266\" alt=\"\" srcset=\"https:\/\/viadenuncia.net\/wp-content\/uploads\/sites\/3\/2021\/03\/viadenuncia_portada_parlament.jpg 900w, https:\/\/viadenuncia.net\/wp-content\/uploads\/sites\/3\/2021\/03\/viadenuncia_portada_parlament-300x233.jpg 300w, https:\/\/viadenuncia.net\/wp-content\/uploads\/sites\/3\/2021\/03\/viadenuncia_portada_parlament-768x597.jpg 768w\" sizes=\"(max-width: 750px) 100vw, 750px\" \/>\t\t\t\t\t\t\t\t\t\t\t\t\t\t\t<\/div>\n\t\t\t\t<\/div>\n\t\t\t\t\t<\/div>\n\t\t<\/div>\n\t\t\t\t<div class=\"elementor-column elementor-col-50 elementor-top-column elementor-element elementor-element-35538423\" data-id=\"35538423\" data-element_type=\"column\" data-e-type=\"column\">\n\t\t\t<div class=\"elementor-widget-wrap elementor-element-populated\">\n\t\t\t\t\t\t<div class=\"elementor-element elementor-element-a7d8131 elementor-widget elementor-widget-heading\" data-id=\"a7d8131\" data-element_type=\"widget\" data-e-type=\"widget\" data-widget_type=\"heading.default\">\n\t\t\t\t<div class=\"elementor-widget-container\">\n\t\t\t\t\t<h3 class=\"elementor-heading-title elementor-size-default\">Qu\u00e8 \u00e9s un canal de comunicaci\u00f3?<\/h3>\t\t\t\t<\/div>\n\t\t\t\t<\/div>\n\t\t\t\t<div class=\"elementor-element elementor-element-764cab27 elementor-widget elementor-widget-text-editor\" data-id=\"764cab27\" data-element_type=\"widget\" data-e-type=\"widget\" data-widget_type=\"text-editor.default\">\n\t\t\t\t<div class=\"elementor-widget-container\">\n\t\t\t\t\t\t\t\t\t\nLa Directiva 2019\/1937 (coneguda com la Directiva Whistleblowers) estableix que un canal de comunicaci\u00f3 ha de ser una via on clients, prove\u00efdors, treballadors i\/o ciutadans puguin comunicar irregularitats i\/o propostes de millora per al funcionament de l&#8217;Empresa o l&#8217;administraci\u00f3 p\u00fablica. Aquest canal ha de permetre la <b>comunicaci\u00f3 an\u00f2nima<\/b>\u00a0i la gesti\u00f3 per part del denunciant de l&#8217;estat de la seva comunicaci\u00f3.\n<br><br>\nLes comunicacions han de poder-se fer per cinc vies, mitjan\u00e7ant un <b>formulari web<\/b>, per <b>tel\u00e8fon<\/b>, per <b>correu electr\u00f2nic<\/b>, per <b>correu postal<\/b> i de forma <b>presencial<\/b>. A m\u00e9s totes les comunicacions han de ser ateses en temps i forma per un <b>auditor extern<\/b> a l&#8217;Empresa o l&#8217;administraci\u00f3 p\u00fablica.\n<br><br>\n<strong><a href=\"https:\/\/viadenuncia.net\" target=\"_blank\" rel=\"noopener\">Viadenuncia<\/a><\/strong>, ofereix a la seva b\u00fastia de desenvolupament propi, els cinc canals de comunicaci\u00f3, tot permetent una total seguretat en les comunicacions, a m\u00e9s d&#8217;un equip t\u00e8cnic i jur\u00eddic propi d&#8217;instructors format per advocats i ex-magistrats que garanteixin una total imparcialitat i agilitat en cadascuna de les comunicacions. El nostre equip \u00e9s un dels promotors de la Directiva i com a tal hem seguit l&#8217;evoluci\u00f3 de totes les fases del desenvolupament.\n\t\t\t\t\t\t\t\t<\/div>\n\t\t\t\t<\/div>\n\t\t\t\t\t<\/div>\n\t\t<\/div>\n\t\t\t\t\t<\/div>\n\t\t<\/section>\n\t\t\t\t<section class=\"elementor-section elementor-top-section elementor-element elementor-element-2f310958 elementor-section-boxed elementor-section-height-default elementor-section-height-default\" data-id=\"2f310958\" data-element_type=\"section\" data-e-type=\"section\">\n\t\t\t\t\t\t\t<div class=\"elementor-background-overlay\"><\/div>\n\t\t\t\t\t\t\t<div class=\"elementor-container elementor-column-gap-default\">\n\t\t\t\t\t<div class=\"elementor-column elementor-col-50 elementor-top-column elementor-element elementor-element-35bc4273\" data-id=\"35bc4273\" data-element_type=\"column\" data-e-type=\"column\">\n\t\t\t<div class=\"elementor-widget-wrap elementor-element-populated\">\n\t\t\t\t\t\t<div class=\"elementor-element elementor-element-24c0c13f elementor-widget elementor-widget-image\" data-id=\"24c0c13f\" data-element_type=\"widget\" data-e-type=\"widget\" data-widget_type=\"image.default\">\n\t\t\t\t<div class=\"elementor-widget-container\">\n\t\t\t\t\t\t\t\t\t\t\t\t\t\t\t<img decoding=\"async\" width=\"750\" height=\"583\" src=\"https:\/\/viadenuncia.net\/wp-content\/uploads\/sites\/3\/2021\/03\/viadenuncia_portada_pymes.jpg\" class=\"attachment-large size-large wp-image-345\" alt=\"Buzon_denuncias_pymes\" srcset=\"https:\/\/viadenuncia.net\/wp-content\/uploads\/sites\/3\/2021\/03\/viadenuncia_portada_pymes.jpg 900w, https:\/\/viadenuncia.net\/wp-content\/uploads\/sites\/3\/2021\/03\/viadenuncia_portada_pymes-300x233.jpg 300w, https:\/\/viadenuncia.net\/wp-content\/uploads\/sites\/3\/2021\/03\/viadenuncia_portada_pymes-768x597.jpg 768w\" sizes=\"(max-width: 750px) 100vw, 750px\" \/>\t\t\t\t\t\t\t\t\t\t\t\t\t\t\t<\/div>\n\t\t\t\t<\/div>\n\t\t\t\t\t<\/div>\n\t\t<\/div>\n\t\t\t\t<div class=\"elementor-column elementor-col-50 elementor-top-column elementor-element elementor-element-7a7b7557\" data-id=\"7a7b7557\" data-element_type=\"column\" data-e-type=\"column\">\n\t\t\t<div class=\"elementor-widget-wrap elementor-element-populated\">\n\t\t\t\t\t\t<div class=\"elementor-element elementor-element-347845f8 elementor-widget elementor-widget-heading\" data-id=\"347845f8\" data-element_type=\"widget\" data-e-type=\"widget\" data-widget_type=\"heading.default\">\n\t\t\t\t<div class=\"elementor-widget-container\">\n\t\t\t\t\t<h3 class=\"elementor-heading-title elementor-size-default\">Per a qui i per quan?<\/h3>\t\t\t\t<\/div>\n\t\t\t\t<\/div>\n\t\t\t\t<div class=\"elementor-element elementor-element-23f1509c elementor-widget elementor-widget-text-editor\" data-id=\"23f1509c\" data-element_type=\"widget\" data-e-type=\"widget\" data-widget_type=\"text-editor.default\">\n\t\t\t\t<div class=\"elementor-widget-container\">\n\t\t\t\t\t\t\t\t\t\nActualment, la Directiva 2019\/1937 ja est\u00e0 en vigor, \u00e9s a dir, els clients, prove\u00efdors, treballadors, etc. poden requerir l&#8217;exist\u00e8ncia d&#8217;aquests canals de comunicaci\u00f3 a les empreses i administracions p\u00fabliques.\n<br><br>\nA partir del 17 de desembre de 2021 totes les administracions p\u00fabliques, empreses de m\u00e9s de 50 treballadors i Empreses de menys de 50 treballadors que treballin amb administracions p\u00fabliques i\/o estiguin subjectes a alguns dels temes que cobreix la Directiva, tindran l&#8217;obligaci\u00f3 de disposar d&#8217;un d&#8217;aquests canals de comunicaci\u00f3 que a m\u00e9s a m\u00e9s, compleixi amb els requisits necessaris de les cinc vies de comunicaci\u00f3 i gesti\u00f3 externa de les comunicacions.\n\t\t\t\t\t\t\t\t<\/div>\n\t\t\t\t<\/div>\n\t\t\t\t\t<\/div>\n\t\t<\/div>\n\t\t\t\t\t<\/div>\n\t\t<\/section>\n\t\t\t\t<section class=\"elementor-section elementor-top-section elementor-element elementor-element-3ab2b94 elementor-section-boxed elementor-section-height-default elementor-section-height-default\" data-id=\"3ab2b94\" data-element_type=\"section\" data-e-type=\"section\">\n\t\t\t\t\t\t\t<div class=\"elementor-background-overlay\"><\/div>\n\t\t\t\t\t\t\t<div class=\"elementor-container elementor-column-gap-default\">\n\t\t\t\t\t<div class=\"elementor-column elementor-col-100 elementor-top-column elementor-element elementor-element-a7f0dae\" data-id=\"a7f0dae\" data-element_type=\"column\" data-e-type=\"column\">\n\t\t\t<div class=\"elementor-widget-wrap elementor-element-populated\">\n\t\t\t\t\t\t<div class=\"elementor-element elementor-element-0de2972 elementor-widget elementor-widget-heading\" data-id=\"0de2972\" data-element_type=\"widget\" data-e-type=\"widget\" data-widget_type=\"heading.default\">\n\t\t\t\t<div class=\"elementor-widget-container\">\n\t\t\t\t\t<h3 class=\"elementor-heading-title elementor-size-default\">Contacteu amb nosaltres<\/h3>\t\t\t\t<\/div>\n\t\t\t\t<\/div>\n\t\t\t\t<div class=\"elementor-element elementor-element-22a23d1 elementor-widget elementor-widget-text-editor\" data-id=\"22a23d1\" data-element_type=\"widget\" data-e-type=\"widget\" data-widget_type=\"text-editor.default\">\n\t\t\t\t<div class=\"elementor-widget-container\">\n\t\t\t\t\t\t\t\t\t\n<p style=\"text-align: center\">A trav\u00e9s del seguent formulari pots posar-te en contacte directe amb l&#8217;equip de <b><a href=\"https:\/\/viadenuncia.net\">Viadenuncia<\/a><\/b> i consultar si la teva Empresa t\u00e9 la obligaci\u00f3 de disposar d&#8217;un canal de comunicaci\u00f3<\/p>\n<p style=\"text-align: center\"><em><strong>Nota important:<\/strong> La finalitat del present formulari \u00e9s la de <span style=\"text-decoration: underline\">sol\u00b7licitar informaci\u00f3 i contractaci\u00f3, no el de formular den\u00fancies<\/span>. Per a introdu\u00efr una den\u00fancia \u00e9s necessari anar a la p\u00e0gina web de l&#8217;Empresa que es vol denunciar\/proposar una millora i realitzar-la des d&#8217;all\u00e0. En el cas de que no disposi encara d&#8217;una b\u00fastia de den\u00fancies, preguem que l&#8217;hi remeti al responsable\u00a0<\/em><a href=\"https:\/\/viadenuncia.net\/es\/informacio\" target=\"_blank\" rel=\"\" class=\"shortlink shortlink-8\">aquest vincle<\/a><em>\u00a0per a con\u00e8ixer la obligaterietat de disposar d&#8217;aquest servei a partir del 17\/12\/2021.<\/em><\/p>\n\t\t\t\t\t\t\t\t<\/div>\n\t\t\t\t<\/div>\n\t\t\t\t\t<\/div>\n\t\t<\/div>\n\t\t\t\t\t<\/div>\n\t\t<\/section>\n\t\t\t\t<\/div>\n\t\t","protected":false},"excerpt":{"rendered":"<p>viadenuncia Canal de comunicaci\u00f3n \u00e9tico para Empresas Aprende en qu\u00e9 consiste y qu\u00e9 debe cumplir una de las principales herramientas para la prevenci\u00f3n y detecci\u00f3n del fraude empresarial \u00bfCu\u00e1nto nos cuesta la corrupci\u00f3n? A mediados de 2016 la\u00a0asociaci\u00f3n Aspertic\u00a0de Barcelona formul\u00f3 una pregunta a la Comisi\u00f3n Europea: \u00bfCu\u00e1nto nos cuesta<a class=\"moretag\" href=\"https:\/\/viadenuncia.net\/es\/buzon-comunicacion-empresas-publicas-2019-1937-whistleblowers\/\"> Read more<\/a><\/p>\n","protected":false},"author":1,"featured_media":58,"comment_status":"closed","ping_status":"closed","sticky":false,"template":"elementor_header_footer","format":"standard","meta":{"_jetpack_memberships_contains_paid_content":false,"footnotes":""},"categories":[1],"tags":[],"class_list":["post-1174","post","type-post","status-publish","format-standard","has-post-thumbnail","hentry","category-general"],"jetpack_featured_media_url":"https:\/\/viadenuncia.net\/wp-content\/uploads\/sites\/3\/2020\/07\/edifici.jpg","jetpack_sharing_enabled":true,"_links":{"self":[{"href":"https:\/\/viadenuncia.net\/es\/wp-json\/wp\/v2\/posts\/1174","targetHints":{"allow":["GET"]}}],"collection":[{"href":"https:\/\/viadenuncia.net\/es\/wp-json\/wp\/v2\/posts"}],"about":[{"href":"https:\/\/viadenuncia.net\/es\/wp-json\/wp\/v2\/types\/post"}],"author":[{"embeddable":true,"href":"https:\/\/viadenuncia.net\/es\/wp-json\/wp\/v2\/users\/1"}],"replies":[{"embeddable":true,"href":"https:\/\/viadenuncia.net\/es\/wp-json\/wp\/v2\/comments?post=1174"}],"version-history":[{"count":140,"href":"https:\/\/viadenuncia.net\/es\/wp-json\/wp\/v2\/posts\/1174\/revisions"}],"predecessor-version":[{"id":1940,"href":"https:\/\/viadenuncia.net\/es\/wp-json\/wp\/v2\/posts\/1174\/revisions\/1940"}],"wp:featuredmedia":[{"embeddable":true,"href":"https:\/\/viadenuncia.net\/es\/wp-json\/wp\/v2\/media\/58"}],"wp:attachment":[{"href":"https:\/\/viadenuncia.net\/es\/wp-json\/wp\/v2\/media?parent=1174"}],"wp:term":[{"taxonomy":"category","embeddable":true,"href":"https:\/\/viadenuncia.net\/es\/wp-json\/wp\/v2\/categories?post=1174"},{"taxonomy":"post_tag","embeddable":true,"href":"https:\/\/viadenuncia.net\/es\/wp-json\/wp\/v2\/tags?post=1174"}],"curies":[{"name":"wp","href":"https:\/\/api.w.org\/{rel}","templated":true}]}}